{"id":22,"count":1,"description":"","link":"https:\/\/www.aafdutm.ro\/revista\/tag\/coordonator-stiintific-conf-univ-dr-argentina-gramada\/","name":"Coordonator \u015ftiin\u0163ific: conf. univ. dr. Argentina Gr\u0103mad\u0103","slug":"coordonator-stiintific-conf-univ-dr-argentina-gramada","taxonomy":"post_tag","meta":[],"_links":{"self":[{"href":"https:\/\/www.aafdutm.ro\/revista\/wp-json\/wp\/v2\/tags\/22"}],"collection":[{"href":"https:\/\/www.aafdutm.ro\/revista\/wp-json\/wp\/v2\/tags"}],"about":[{"href":"https:\/\/www.aafdutm.ro\/revista\/wp-json\/wp\/v2\/taxonomies\/post_tag"}],"wp:post_type":[{"href":"https:\/\/www.aafdutm.ro\/revista\/wp-json\/wp\/v2\/posts?tags=22"}],"curies":[{"name":"wp","href":"https:\/\/api.w.org\/{rel}","templated":true}]}}